{"id":12684,"date":"2025-11-24T09:08:06","date_gmt":"2025-11-24T14:08:06","guid":{"rendered":"https:\/\/madnesscanada.com\/?page_id=12684"},"modified":"2026-04-23T09:13:27","modified_gmt":"2026-04-23T13:13:27","slug":"an-activist-and-an-academic","status":"publish","type":"post","link":"https:\/\/madnesscanada.com\/fr\/an-activist-and-an-academic\/","title":{"rendered":"Un activiste et un universitaire"},"content":{"rendered":"<h1 class=\"wp-block-heading\">Un activiste et un universitaire<\/h1>\n\n\n\n<h4 class=\"wp-block-heading\">Par Dominic Dagenais, Historian<\/h4>\n\n\n\n<p>Cette exposition virtuelle est consacr\u00e9e aux n\u00e9o-brunswickois N\u00e9r\u00e9e St-Amand et Eug\u00e8ne LeBlanc, \u00e0 leur engagement contre le syst\u00e8me psychiatrique, et \u00e0 leurs diff\u00e9rentes initiatives en faveur d\u2019alternatives en sant\u00e9 mentale dans l\u2019\u00e8re de l\u2019apr\u00e8sd\u00e9sinstitutionnalisation. Eug\u00e8ne LeBlanc est directeur du Groupe de support \u00e9motionnel inc. (GSEI), un regroupement de personnes psychiatris\u00e9es bas\u00e9 \u00e0 Moncton. Il est \u00e9galement r\u00e9dacteur en chef de la revue Our Voice\/Notre Voix. Produite par le GSEI, cette publication traite de diff\u00e9rents enjeux li\u00e9s \u00e0 la sant\u00e9 mentale \u00e0 partir du point de vue des personnes aux prises avec des probl\u00e8mes de sant\u00e9 mentale. Pour sa part, apr\u00e8s avoir enseign\u00e9 \u00e0 l\u2019Universit\u00e9 de Moncton, N\u00e9r\u00e9e St-Amand est professeur de travail social \u00e0 l\u2019Universit\u00e9 d\u2019Ottawa depuis 1990.<\/p>\n\n\n<div class=\"wp-block-image\">\n<figure class=\"aligncenter size-large\"><img loading=\"lazy\" decoding=\"async\" width=\"1024\" height=\"685\" src=\"https:\/\/madnesscanada.com\/wp-content\/uploads\/2019\/11\/Storyboard-of-Evolution-of-NB-Mental-Health-3-1024x685.jpg\" alt=\"\" class=\"wp-image-11648\" srcset=\"https:\/\/madnesscanada.com\/wp-content\/uploads\/2019\/11\/Storyboard-of-Evolution-of-NB-Mental-Health-3-1024x685.jpg 1024w, https:\/\/madnesscanada.com\/wp-content\/uploads\/2019\/11\/Storyboard-of-Evolution-of-NB-Mental-Health-3-300x201.jpg 300w, https:\/\/madnesscanada.com\/wp-content\/uploads\/2019\/11\/Storyboard-of-Evolution-of-NB-Mental-Health-3-768x514.jpg 768w, https:\/\/madnesscanada.com\/wp-content\/uploads\/2019\/11\/Storyboard-of-Evolution-of-NB-Mental-Health-3-1536x1028.jpg 1536w, https:\/\/madnesscanada.com\/wp-content\/uploads\/2019\/11\/Storyboard-of-Evolution-of-NB-Mental-Health-3-2048x1371.jpg 2048w\" sizes=\"auto, (max-width: 767px) 89vw, (max-width: 1000px) 54vw, (max-width: 1071px) 543px, 580px\" \/><figcaption class=\"wp-element-caption\"><span style=\"font-size: 10pt;\">Panneau du Groupe de Support \u00c9motionnel sur l&rsquo;\u00e9volution de la sant\u00e9 mentale<\/span><\/figcaption><\/figure>\n<\/div>\n\n\n<p>Depuis 1987, Eug\u00e8ne LeBlanc et N\u00e9r\u00e9e St-Amand m\u00e8nent des recherches, \u00e9crivent, militent, et s\u2019investissent conjointement dans la promotion d\u2019une profonde remise en question des institutions de sant\u00e9 mentale. Leur but est de donner une voix aux personnes ayant \u00e9t\u00e9 psychiatris\u00e9es et de soutenir les alternatives en sant\u00e9 mentale. En plus de reposer sur des affinit\u00e9s id\u00e9ologiques \u00e9videntes, la collaboration entre LeBlanc et St-Amand est nourrie par leurs champs de comp\u00e9tences compl\u00e9mentaires. Ayant une exp\u00e9rience personnelle de psychiatris\u00e9, LeBlanc trouve un alli\u00e9 pr\u00e9cieux en St-Amand qui est l\u2019un des rares acad\u00e9miciens \u00e0 proposer une critique radicale du syst\u00e8me psychiatrique. De son c\u00f4t\u00e9, les recherches de St-Amand b\u00e9n\u00e9ficient de l\u2019exp\u00e9rience de LeBlanc et de son r\u00e9seautage avec le milieu communautaire et d\u2019autres personnes ayant \u00e9t\u00e9 psychiatris\u00e9es.<\/p>\n\n\n<!-- Widget Shortcode --><div id=\"nav_menu-73\" class=\"widget widget_nav_menu widget-shortcode area-arbitrary \"><h2 class=\"widgettitle\">Explorer davantage<\/h2><nav class=\"menu-activist-and-academic-container\" aria-label=\"Explorer davantage\"><ul id=\"menu-activist-and-academic-1\" class=\"menu\"><li class=\"menu-item menu-item-type-post_type menu-item-object-page menu-item-9263\"><a href=\"https:\/\/madnesscanada.com\/fr\/after-the-asylum\/peer-support-activism\/an-activist-and-an-academic\/crafting-a-partnership\/\">Une alliance inusit\u00e9e<\/a><\/li>\n<li class=\"menu-item menu-item-type-post_type menu-item-object-page menu-item-9264\"><a href=\"https:\/\/madnesscanada.com\/fr\/after-the-asylum\/peer-support-activism\/an-activist-and-an-academic\/an-activist-agenda-co-created-knowledge\/\">Une union entre le communautaire et l\u2019acad\u00e9mique<\/a><\/li>\n<li class=\"menu-item menu-item-type-post_type menu-item-object-page menu-item-9265\"><a href=\"https:\/\/madnesscanada.com\/fr\/after-the-asylum\/peer-support-activism\/an-activist-and-an-academic\/dare-to-imagine\/\">Le militantisme politique<\/a><\/li>\n<li class=\"menu-item menu-item-type-post_type menu-item-object-page menu-item-9266\"><a href=\"https:\/\/madnesscanada.com\/fr\/after-the-asylum\/peer-support-activism\/an-activist-and-an-academic\/mary-pengilly-diaries\/\">Osons imaginer<\/a><\/li>\n<li class=\"menu-item menu-item-type-post_type menu-item-object-post menu-item-12815\"><a href=\"https:\/\/madnesscanada.com\/fr\/an-activist-and-an-academic\/\">Page d&rsquo;affichage principale<\/a><\/li>\n<\/ul><\/nav><\/div><!-- \/Widget Shortcode -->\n\n\n\n<p>&nbsp;<\/p>\n\n\n\n<p>&nbsp;<\/p>","protected":false},"excerpt":{"rendered":"<p>Cette exposition virtuelle est consacr\u00e9e aux n\u00e9o-brunswickois N\u00e9r\u00e9e St-Amand et Eug\u00e8ne LeBlanc<\/p>\n","protected":false},"author":3,"featured_media":13247,"comment_status":"closed","ping_status":"closed","sticky":false,"template":"","format":"standard","meta":{"footnotes":""},"categories":[151],"tags":[120,113,132,127,125,115,130,145],"class_list":["post-12684","post","type-post","status-publish","format-standard","has-post-thumbnail","hentry","category-exhibits","tag-e-advocacy-activism","tag-e-asylums","tag-e-co-creation-partnerships","tag-e-community","tag-e-health-policy","tag-e-lived-experience","tag-e-mad-art-culture","tag-e-maritimes"],"_links":{"self":[{"href":"https:\/\/madnesscanada.com\/fr\/wp-json\/wp\/v2\/posts\/12684","targetHints":{"allow":["GET"]}}],"collection":[{"href":"https:\/\/madnesscanada.com\/fr\/wp-json\/wp\/v2\/posts"}],"about":[{"href":"https:\/\/madnesscanada.com\/fr\/wp-json\/wp\/v2\/types\/post"}],"author":[{"embeddable":true,"href":"https:\/\/madnesscanada.com\/fr\/wp-json\/wp\/v2\/users\/3"}],"replies":[{"embeddable":true,"href":"https:\/\/madnesscanada.com\/fr\/wp-json\/wp\/v2\/comments?post=12684"}],"version-history":[{"count":7,"href":"https:\/\/madnesscanada.com\/fr\/wp-json\/wp\/v2\/posts\/12684\/revisions"}],"predecessor-version":[{"id":13248,"href":"https:\/\/madnesscanada.com\/fr\/wp-json\/wp\/v2\/posts\/12684\/revisions\/13248"}],"wp:featuredmedia":[{"embeddable":true,"href":"https:\/\/madnesscanada.com\/fr\/wp-json\/wp\/v2\/media\/13247"}],"wp:attachment":[{"href":"https:\/\/madnesscanada.com\/fr\/wp-json\/wp\/v2\/media?parent=12684"}],"wp:term":[{"taxonomy":"category","embeddable":true,"href":"https:\/\/madnesscanada.com\/fr\/wp-json\/wp\/v2\/categories?post=12684"},{"taxonomy":"post_tag","embeddable":true,"href":"https:\/\/madnesscanada.com\/fr\/wp-json\/wp\/v2\/tags?post=12684"}],"curies":[{"name":"wp","href":"https:\/\/api.w.org\/{rel}","templated":true}]}}